{"id":198,"date":"2026-02-18T16:02:15","date_gmt":"2026-02-18T16:02:15","guid":{"rendered":"https:\/\/demo.bravisthemes.com\/muntech\/?p=198"},"modified":"2026-03-10T23:27:32","modified_gmt":"2026-03-10T23:27:32","slug":"la-vicepresidencia-de-investigacion-de-la-undc-impulsa-el-retorno-de-la-historica-revista-del-colegio-sepulveda","status":"publish","type":"post","link":"https:\/\/vri.undc.edu.pe\/?p=198","title":{"rendered":"La Vicepresidencia de Investigaci\u00f3n de la UNDC impulsa el retorno de la hist\u00f3rica revista del Colegio Sep\u00falveda"},"content":{"rendered":"\t\t<div data-elementor-type=\"wp-post\" data-elementor-id=\"198\" class=\"elementor elementor-198\" data-elementor-post-type=\"post\">\n\t\t\t\t        <section class=\"elementor-section elementor-top-section elementor-element elementor-element-6d163405 elementor-section-boxed elementor-section-height-default elementor-section-height-default ct-header-fixed-none header-none c1230-none c1350-none c1390-none c1450-none ct-column-none ct-row-scroll-none\" data-id=\"6d163405\" data-element_type=\"section\" data-e-type=\"section\">\n            \n                        <div class=\"elementor-container elementor-column-gap-default \">\n                    <div class=\"elementor-column elementor-col-100 elementor-top-column elementor-element elementor-element-322add84 ct-column-none col-offset-none\" data-id=\"322add84\" data-element_type=\"column\" data-e-type=\"column\">\n        <div class=\"elementor-widget-wrap elementor-element-populated\">\n                    \n        \t\t<div class=\"elementor-element elementor-element-42102c73 elementor-widget elementor-widget-text-editor\" data-id=\"42102c73\" data-element_type=\"widget\" data-e-type=\"widget\" data-widget_type=\"text-editor.default\">\n\t\t\t\t\t\t\t\t\tEn un acto que simboliza la uni\u00f3n entre la formaci\u00f3n escolar y la excelencia universitaria, la Universidad Nacional de Ca\u00f1ete (UNDC) particip\u00f3 activamente en el relanzamiento de la revista institucional del emblem\u00e1tico Colegio Jos\u00e9 Buenaventura Sep\u00falveda, tras una d\u00e9cada de ausencia.\n<h3><strong>Gesti\u00f3n de la Vicepresidencia de Investigaci\u00f3n<\/strong><\/h3>\nEste importante hito educativo cont\u00f3 con el impulso directo de la Vicepresidencia de Investigaci\u00f3n, liderada por el Dr. Jorge Rafael D\u00edaz Dumont. Bajo su gesti\u00f3n, se coordin\u00f3 la incorporaci\u00f3n de contenido especializado de promoci\u00f3n institucional dentro de la revista, reafirmando el compromiso de la UNDC con la juventud ca\u00f1etana y el fomento de la cultura cient\u00edfica desde las aulas escolares.\n\nEl Dr. D\u00edaz Dumont, como integrante de la Comisi\u00f3n Organizadora que preside el Dr. Christian Jes\u00fas Su\u00e1rez Rodr\u00edguez, junto al Dr. Ant\u00f3n de los Santos Pedro Juan, destac\u00f3 que acompa\u00f1ar esta iniciativa es un acierto estrat\u00e9gico que rescata la identidad y la memoria institucional con a\u00f1os de trayectoria.\t\t\t\t\t\t\t\t<\/div>\n\t\t            <\/div>\n        <\/div>\n                    <\/div>\n        <\/section>\n                <section class=\"elementor-section elementor-top-section elementor-element elementor-element-62e1471 elementor-section-boxed elementor-section-height-default elementor-section-height-default ct-header-fixed-none header-none c1230-none c1350-none c1390-none c1450-none ct-column-none ct-row-scroll-none\" data-id=\"62e1471\" data-element_type=\"section\" data-e-type=\"section\">\n            \n                        <div class=\"elementor-container elementor-column-gap-default \">\n                    <div class=\"elementor-column elementor-col-100 elementor-top-column elementor-element elementor-element-5a76e22 ct-column-none col-offset-none\" data-id=\"5a76e22\" data-element_type=\"column\" data-e-type=\"column\">\n        <div class=\"elementor-widget-wrap elementor-element-populated\">\n                    \n        \t\t<div class=\"elementor-element elementor-element-dbfc4f9 elementor-widget elementor-widget-ct_gallery_grid\" data-id=\"dbfc4f9\" data-element_type=\"widget\" data-e-type=\"widget\" data-widget_type=\"ct_gallery_grid.default\">\n\t\t\t\t<div class=\"elementor-widget-container\">\n\t\t\t\t\t    <div class=\"ct-grid ct-gallery-grid1\">\r\n        <div class=\"ct-grid-inner ct-grid-masonry row animate-time\" data-gutter=\"7\">\r\n                            <div class=\"grid-item col-xl-3 col-lg-3 col-md-4 col-sm-6 col-12\">\r\n                    <div class=\"item--inner \" data-wow-duration=\"1.2s\">\r\n                        <a href=\"https:\/\/vri.undc.edu.pe\/wp-content\/uploads\/2021\/10\/COLABORACION-COLEGIO-VPI-1-18-DE-FEBRERO.jpg\"><i class=\"bravisicon-search\"><\/i><\/a>\r\n                        <img fetchpriority=\"high\" decoding=\"async\" class=\"no-lazyload \" src=\"https:\/\/vri.undc.edu.pe\/wp-content\/uploads\/2021\/10\/COLABORACION-COLEGIO-VPI-1-18-DE-FEBRERO-640x450.jpg\" width=\"640\" height=\"450\" alt=\"COLABORACION COLEGIO VPI 1 - 18 DE FEBRERO\" title=\"COLABORACION COLEGIO VPI 1 - 18 DE FEBRERO\" \/>                   <\/div>\r\n                <\/div>\r\n                            <div class=\"grid-item col-xl-3 col-lg-3 col-md-4 col-sm-6 col-12\">\r\n                    <div class=\"item--inner \" data-wow-duration=\"1.2s\">\r\n                        <a href=\"https:\/\/vri.undc.edu.pe\/wp-content\/uploads\/2021\/10\/COLABORACION-COLEGIO-VPI-18-DE-FEBRERO.jpg\"><i class=\"bravisicon-search\"><\/i><\/a>\r\n                        <img decoding=\"async\" class=\"no-lazyload \" src=\"https:\/\/vri.undc.edu.pe\/wp-content\/uploads\/2021\/10\/COLABORACION-COLEGIO-VPI-18-DE-FEBRERO-640x450.jpg\" width=\"640\" height=\"450\" alt=\"COLABORACION COLEGIO VPI - 18 DE FEBRERO\" title=\"COLABORACION COLEGIO VPI - 18 DE FEBRERO\" \/>                   <\/div>\r\n                <\/div>\r\n                        <div class=\"grid-sizer col-xl-3 col-lg-3 col-md-4 col-sm-6 col-12\"><\/div>\r\n        <\/div>\r\n    <\/div>\r\n\t\t\t\t<\/div>\n\t\t\t\t<\/div>\n\t\t            <\/div>\n        <\/div>\n                    <\/div>\n        <\/section>\n        \t\t<\/div>\n\t\t","protected":false},"excerpt":{"rendered":"<p>En un acto que simboliza la uni\u00f3n entre la formaci\u00f3n escolar y la excelencia universitaria, la Universidad Nacional de Ca\u00f1ete (UNDC) particip\u00f3 activamente en el relanzamiento de la revista institucional del emblem\u00e1tico Colegio Jos\u00e9 Buenaventura Sep\u00falveda, tras una d\u00e9cada de ausencia.<\/p>\n","protected":false},"author":1,"featured_media":10843,"comment_status":"closed","ping_status":"closed","sticky":false,"template":"","format":"standard","meta":{"footnotes":""},"categories":[39],"tags":[],"class_list":["post-198","post","type-post","status-publish","format-standard","has-post-thumbnail","hentry","category-noticias_vpi"],"_links":{"self":[{"href":"https:\/\/vri.undc.edu.pe\/index.php?rest_route=\/wp\/v2\/posts\/198","targetHints":{"allow":["GET"]}}],"collection":[{"href":"https:\/\/vri.undc.edu.pe\/index.php?rest_route=\/wp\/v2\/posts"}],"about":[{"href":"https:\/\/vri.undc.edu.pe\/index.php?rest_route=\/wp\/v2\/types\/post"}],"author":[{"embeddable":true,"href":"https:\/\/vri.undc.edu.pe\/index.php?rest_route=\/wp\/v2\/users\/1"}],"replies":[{"embeddable":true,"href":"https:\/\/vri.undc.edu.pe\/index.php?rest_route=%2Fwp%2Fv2%2Fcomments&post=198"}],"version-history":[{"count":5,"href":"https:\/\/vri.undc.edu.pe\/index.php?rest_route=\/wp\/v2\/posts\/198\/revisions"}],"predecessor-version":[{"id":10847,"href":"https:\/\/vri.undc.edu.pe\/index.php?rest_route=\/wp\/v2\/posts\/198\/revisions\/10847"}],"wp:featuredmedia":[{"embeddable":true,"href":"https:\/\/vri.undc.edu.pe\/index.php?rest_route=\/wp\/v2\/media\/10843"}],"wp:attachment":[{"href":"https:\/\/vri.undc.edu.pe\/index.php?rest_route=%2Fwp%2Fv2%2Fmedia&parent=198"}],"wp:term":[{"taxonomy":"category","embeddable":true,"href":"https:\/\/vri.undc.edu.pe\/index.php?rest_route=%2Fwp%2Fv2%2Fcategories&post=198"},{"taxonomy":"post_tag","embeddable":true,"href":"https:\/\/vri.undc.edu.pe\/index.php?rest_route=%2Fwp%2Fv2%2Ftags&post=198"}],"curies":[{"name":"wp","href":"https:\/\/api.w.org\/{rel}","templated":true}]}}